{"id":19940,"date":"2026-03-17T14:41:46","date_gmt":"2026-03-17T13:41:46","guid":{"rendered":"https:\/\/kairntech.com\/blog\/non-categorise\/lafp-et-kairntech-renforcent-leur-partenariat-dans-le-domaine-de-lintelligence-artificielle-et-de-lia-generative\/"},"modified":"2026-04-17T00:07:56","modified_gmt":"2026-04-16T22:07:56","slug":"lafp-et-kairntech-renforcent-leur-partenariat-dans-le-domaine-de-lintelligence-artificielle-et-de-lia-generative","status":"publish","type":"post","link":"https:\/\/kairntech.com\/fr\/blog\/actualites\/lafp-et-kairntech-renforcent-leur-partenariat-dans-le-domaine-de-lintelligence-artificielle-et-de-lia-generative\/","title":{"rendered":"L&rsquo;AFP et Kairntech renforcent leur partenariat dans le domaine de l&rsquo;intelligence artificielle et de l&rsquo;IA g\u00e9n\u00e9rative"},"content":{"rendered":"\n<p><\/p>\n\n\n\n<p><strong>PARIS, FRANCE, le 3 mars 2026<\/strong> &#8212; <strong>Kairntech<\/strong>, \u00e9diteur de solutions d&rsquo;intelligence artificielle sp\u00e9cialis\u00e9 dans le traitement du langage naturel et l&rsquo;<strong>AFP<\/strong>, l&rsquo;une des trois premi\u00e8res agences de presse internationales, annoncent le renforcement de leur collaboration \u00e0 long terme sur l&rsquo;IA et, plus particuli\u00e8rement, l&rsquo;IA g\u00e9n\u00e9rative.<br><br>L&rsquo;agence de presse internationale a reconnu tr\u00e8s t\u00f4t que l&rsquo;intelligence artificielle allait profond\u00e9ment transformer ses activit\u00e9s en tant que fournisseur d&rsquo;informations \u00e0 l&rsquo;\u00e9chelle mondiale. Dans cette optique, elle s&rsquo;est engag\u00e9e depuis plusieurs ann\u00e9es dans un processus d&rsquo;innovation continue visant \u00e0 int\u00e9grer les technologies de pointe dans ses processus \u00e9ditoriaux et commerciaux. <br><br>Depuis 2022, Kairntech soutient l&rsquo;organisation en fournissant des solutions bas\u00e9es sur des techniques \u00e9prouv\u00e9es d&rsquo;apprentissage automatique et d&rsquo;apprentissage profond, qui ont d\u00e9sormais atteint une maturit\u00e9 industrielle. Ces technologies ont permis \u00e0 l&rsquo;entreprise d&rsquo;am\u00e9liorer l&rsquo;efficacit\u00e9, la coh\u00e9rence et la valeur des volumes massifs de contenus multilingues produits quotidiennement en anglais, fran\u00e7ais, espagnol, allemand, portugais et arabe. <br><br>D\u00e9ploy\u00e9es au sein des outils \u00e9ditoriaux de la salle de r\u00e9daction, les solutions de Kairntech aident les journalistes dans leur travail quotidien en facilitant l&rsquo;enrichissement du contenu gr\u00e2ce \u00e0 la reconnaissance automatique des entit\u00e9s et \u00e0 l&rsquo;\u00e9tablissement de liens avec les bases de connaissances.<br><br>L&rsquo;arriv\u00e9e d&rsquo;OpenAI et de ChatGPT fin 2022 a renforc\u00e9 la strat\u00e9gie de l&rsquo;organisation visant \u00e0 int\u00e9grer l&rsquo;IA g\u00e9n\u00e9rative de mani\u00e8re contr\u00f4l\u00e9e et responsable dans ses op\u00e9rations internes. Cette dynamique s&rsquo;est concr\u00e9tis\u00e9e en 2024, lorsqu&rsquo;elle a lanc\u00e9 une consultation pour la production d&rsquo;un RAG (Retrieval-Augmented Generation) d&rsquo;entreprise configurable, con\u00e7u pour r\u00e9pondre aux besoins de tous ses d\u00e9partements transversaux. Suite \u00e0 cette consultation, Kairntech a \u00e9t\u00e9 s\u00e9lectionn\u00e9 comme partenaire technologique. <br><br>Fortes de ces succ\u00e8s, Kairntech et l&rsquo;AFP ont d\u00e9cid\u00e9 fin 2025 d&rsquo;intensifier leur collaboration dans le cadre d&rsquo;un partenariat strat\u00e9gique. L&rsquo;objectif est de d\u00e9velopper de nouvelles solutions bas\u00e9es sur l&rsquo;intelligence artificielle au sens large et sur l&rsquo;IA g\u00e9n\u00e9rative en particulier, tant pour un usage interne que pour des clients tiers, dans une optique de co-innovation. <br><br>L&rsquo;expertise \u00e9ditoriale mondialement reconnue de l&rsquo;agence, combin\u00e9e \u00e0 l&rsquo;exp\u00e9rience de Kairntech dans le d\u00e9ploiement de projets d&rsquo;IA en production, cr\u00e9e des conditions particuli\u00e8rement favorables \u00e0 la r\u00e9ussite de ce partenariat, contribuant \u00e0 rendre l&rsquo;information toujours plus accessible, structur\u00e9e et pr\u00e9cieuse.<br><br><br><em>\u00ab\u00a0L&rsquo;AFP, en signant un partenariat strat\u00e9gique avec Kairntech fin 2025, a d\u00e9cid\u00e9 de confier \u00e0 notre soci\u00e9t\u00e9 l&rsquo;essentiel de ses d\u00e9veloppements informatiques dans le domaine de l&rsquo;IA et de l&rsquo;IA g\u00e9n\u00e9rative pour les prochaines ann\u00e9es. Ce partenariat est l&rsquo;aboutissement d&rsquo;une collaboration qui a d\u00e9but\u00e9 en 2022 avec les \u00e9quipes de l&rsquo;AFP et qui s&rsquo;est poursuivie avec succ\u00e8s jusqu&rsquo;\u00e0 aujourd&rsquo;hui. En tant que Pr\u00e9sident de Kairntech, la forte volont\u00e9 de l&rsquo;AFP de b\u00e9n\u00e9ficier de tout le potentiel de l&rsquo;IA g\u00e9n\u00e9rative et la diversit\u00e9 des cas d&rsquo;usage qu&rsquo;elle anticipe repr\u00e9sentent pour moi un champ d&rsquo;application unique de notre expertise dans ce domaine. Pour les \u00e9quipes de Kairntech, c&rsquo;est une grande responsabilit\u00e9 mais aussi une immense fiert\u00e9.<\/em>\u00a0\u00bb <br><br>Gilles Pouzenc, PDG de Kairntech<br><br><br><em>\u00ab\u00a0Gr\u00e2ce \u00e0 notre nouveau partenariat strat\u00e9gique avec Kairntech, nous acc\u00e9l\u00e9rons le d\u00e9ploiement industriel de l&rsquo;intelligence artificielle \u00e0 l&rsquo;AFP. La technologie de Kairntech est d\u00e9sormais int\u00e9gr\u00e9e \u00e0 notre infrastructure technique, permettant la mise en place rapide et efficace de cha\u00eenes de traitement qui serviront \u00e0 la fois nos flux internes et nos offres clients.<\/em>\u00a0\u00bb <br><br>Mathieu Alouis, responsable du d\u00e9partement informatique des syst\u00e8mes \u00e9ditoriaux \u00e0 l&rsquo;AFP<br><br><br><strong>\u00c0 propos de Kairntech<\/strong><\/p>\n\n\n\n<p><br>Kairntech est une startup grenobloise sp\u00e9cialis\u00e9e dans l&rsquo;IA et le NLP, cr\u00e9\u00e9e en 2019. L&rsquo;\u00e9quipe a une longue histoire commune de d\u00e9veloppement et d&rsquo;application de logiciels d&rsquo;IA \u00e0 des d\u00e9fis industriels exigeants en tirant parti des derni\u00e8res technologies linguistiques, y compris l&rsquo;IA g\u00e9n\u00e9rative. <br><a href=\"http:\/\/kairntech.com\/fr\/\" target=\"_blank\" rel=\"noreferrer noopener\">www.kairntech.com<\/a><br><br><strong>A propos de l&rsquo;AFP<\/strong><\/p>\n\n\n\n<p><br>L&rsquo;AFP est une agence de presse mondiale qui offre une couverture rapide, pr\u00e9cise et approfondie des \u00e9v\u00e9nements qui fa\u00e7onnent notre monde, des guerres et des conflits \u00e0 la politique, en passant par le sport, le divertissement et les derni\u00e8res avanc\u00e9es dans les domaines de la sant\u00e9, de la science et de la technologie. Avec 1 800 journalistes r\u00e9partis dans presque tous les pays, l&rsquo;AFP couvre le monde 24 heures sur 24 en six langues. <br><a href=\"http:\/\/www.afp.com\/en\" target=\"_blank\" rel=\"noreferrer noopener\">http:\/\/www.afp.com<\/a><br><br><\/p>\n\n\n\n<p><br>Pour les demandes des m\u00e9dias, veuillez contacter<\/p>\n\n\n\n<p><br><strong>Vincent Nibart, COO<\/strong><br>vincent.nibart@kairntech.com<br><br><strong>J\u00e9r\u00f4me Martin, responsable des relations mondiales avec les m\u00e9dias<br><\/strong>Jerome.MARTIN@afp.com<\/p>\n","protected":false},"excerpt":{"rendered":"<p>PARIS, FRANCE, le 3 mars 2026 &#8212; Kairntech, \u00e9diteur de solutions d&rsquo;intelligence artificielle sp\u00e9cialis\u00e9 dans le traitement du langage naturel et l&rsquo;AFP, l&rsquo;une des trois premi\u00e8res agences de presse internationales, annoncent le renforcement de leur collaboration \u00e0 long terme sur l&rsquo;IA et, plus particuli\u00e8rement, l&rsquo;IA g\u00e9n\u00e9rative. L&rsquo;agence de presse internationale a reconnu tr\u00e8s t\u00f4t que [&hellip;]<\/p>\n","protected":false},"author":12,"featured_media":19941,"comment_status":"closed","ping_status":"closed","sticky":false,"template":"","format":"standard","meta":{"_kad_blocks_custom_css":"","_kad_blocks_head_custom_js":"","_kad_blocks_body_custom_js":"","_kad_blocks_footer_custom_js":"","_jetpack_memberships_contains_paid_content":false,"footnotes":"","jetpack_publicize_message":"","jetpack_publicize_feature_enabled":true,"jetpack_social_post_already_shared":true,"jetpack_social_options":{"image_generator_settings":{"template":"highway","default_image_id":0,"font":"","enabled":false},"version":2}},"categories":[480],"tags":[],"class_list":["post-19940","post","type-post","status-publish","format-standard","has-post-thumbnail","hentry","category-actualites"],"yoast_head":"<!-- This site is optimized with the Yoast SEO plugin v26.8 - https:\/\/yoast.com\/product\/yoast-seo-wordpress\/ -->\n<title>L&#039;AFP et Kairntech renforcent leur partenariat dans le domaine de l&#039;intelligence artificielle et de l&#039;IA g\u00e9n\u00e9rative %.<\/title>\n<meta name=\"description\" content=\"L&#039;AFP et Kairntech renforcent leur partenariat pour acc\u00e9l\u00e9rer l&#039;int\u00e9gration de l&#039;IA g\u00e9n\u00e9rative et du NLP au c\u0153ur de l&#039;actualit\u00e9 mondiale.\" \/>\n<meta name=\"robots\" content=\"index, follow, max-snippet:-1, max-image-preview:large, max-video-preview:-1\" \/>\n<link rel=\"canonical\" href=\"https:\/\/kairntech.com\/fr\/blog\/actualites\/lafp-et-kairntech-renforcent-leur-partenariat-dans-le-domaine-de-lintelligence-artificielle-et-de-lia-generative\/\" \/>\n<meta property=\"og:locale\" content=\"fr_FR\" \/>\n<meta property=\"og:type\" content=\"article\" \/>\n<meta property=\"og:title\" content=\"L&#039;AFP et Kairntech renforcent leur partenariat dans le domaine de l&#039;intelligence artificielle et de l&#039;IA g\u00e9n\u00e9rative %.\" \/>\n<meta property=\"og:description\" content=\"L&#039;AFP et Kairntech renforcent leur partenariat pour acc\u00e9l\u00e9rer l&#039;int\u00e9gration de l&#039;IA g\u00e9n\u00e9rative et du NLP au c\u0153ur de l&#039;actualit\u00e9 mondiale.\" \/>\n<meta property=\"og:url\" content=\"https:\/\/kairntech.com\/fr\/blog\/actualites\/lafp-et-kairntech-renforcent-leur-partenariat-dans-le-domaine-de-lintelligence-artificielle-et-de-lia-generative\/\" \/>\n<meta property=\"og:site_name\" content=\"Kairntech\" \/>\n<meta property=\"article:published_time\" content=\"2026-03-17T13:41:46+00:00\" \/>\n<meta property=\"article:modified_time\" content=\"2026-04-16T22:07:56+00:00\" \/>\n<meta property=\"og:image\" content=\"https:\/\/kairntech.com\/wp-content\/uploads\/2026\/03\/partnership.jpg\" \/>\n\t<meta property=\"og:image:width\" content=\"690\" \/>\n\t<meta property=\"og:image:height\" content=\"507\" \/>\n\t<meta property=\"og:image:type\" content=\"image\/jpeg\" \/>\n<meta name=\"author\" content=\"cnibart\" \/>\n<meta name=\"twitter:card\" content=\"summary_large_image\" \/>\n<meta name=\"twitter:creator\" content=\"@kairntech\" \/>\n<meta name=\"twitter:site\" content=\"@kairntech\" \/>\n<meta name=\"twitter:label1\" content=\"\u00c9crit par\" \/>\n\t<meta name=\"twitter:data1\" content=\"cnibart\" \/>\n\t<meta name=\"twitter:label2\" content=\"Dur\u00e9e de lecture estim\u00e9e\" \/>\n\t<meta name=\"twitter:data2\" content=\"4 minutes\" \/>\n<script type=\"application\/ld+json\" class=\"yoast-schema-graph\">{\"@context\":\"https:\/\/schema.org\",\"@graph\":[{\"@type\":\"Article\",\"@id\":\"https:\/\/kairntech.com\/fr\/blog\/actualites\/lafp-et-kairntech-renforcent-leur-partenariat-dans-le-domaine-de-lintelligence-artificielle-et-de-lia-generative\/#article\",\"isPartOf\":{\"@id\":\"https:\/\/kairntech.com\/fr\/blog\/actualites\/lafp-et-kairntech-renforcent-leur-partenariat-dans-le-domaine-de-lintelligence-artificielle-et-de-lia-generative\/\"},\"author\":{\"name\":\"cnibart\",\"@id\":\"https:\/\/kairntech.com\/fr\/#\/schema\/person\/69e64752cd14d2aa7c790ec220560927\"},\"headline\":\"L&rsquo;AFP et Kairntech renforcent leur partenariat dans le domaine de l&rsquo;intelligence artificielle et de l&rsquo;IA g\u00e9n\u00e9rative\",\"datePublished\":\"2026-03-17T13:41:46+00:00\",\"dateModified\":\"2026-04-16T22:07:56+00:00\",\"mainEntityOfPage\":{\"@id\":\"https:\/\/kairntech.com\/fr\/blog\/actualites\/lafp-et-kairntech-renforcent-leur-partenariat-dans-le-domaine-de-lintelligence-artificielle-et-de-lia-generative\/\"},\"wordCount\":850,\"publisher\":{\"@id\":\"https:\/\/kairntech.com\/fr\/#organization\"},\"image\":{\"@id\":\"https:\/\/kairntech.com\/fr\/blog\/actualites\/lafp-et-kairntech-renforcent-leur-partenariat-dans-le-domaine-de-lintelligence-artificielle-et-de-lia-generative\/#primaryimage\"},\"thumbnailUrl\":\"https:\/\/kairntech.com\/wp-content\/uploads\/2026\/03\/partnership.jpg\",\"articleSection\":[\"Actualit\u00e9s\"],\"inLanguage\":\"fr-FR\"},{\"@type\":\"WebPage\",\"@id\":\"https:\/\/kairntech.com\/fr\/blog\/actualites\/lafp-et-kairntech-renforcent-leur-partenariat-dans-le-domaine-de-lintelligence-artificielle-et-de-lia-generative\/\",\"url\":\"https:\/\/kairntech.com\/fr\/blog\/actualites\/lafp-et-kairntech-renforcent-leur-partenariat-dans-le-domaine-de-lintelligence-artificielle-et-de-lia-generative\/\",\"name\":\"L'AFP et Kairntech renforcent leur partenariat dans le domaine de l'intelligence artificielle et de l'IA g\u00e9n\u00e9rative %.\",\"isPartOf\":{\"@id\":\"https:\/\/kairntech.com\/fr\/#website\"},\"primaryImageOfPage\":{\"@id\":\"https:\/\/kairntech.com\/fr\/blog\/actualites\/lafp-et-kairntech-renforcent-leur-partenariat-dans-le-domaine-de-lintelligence-artificielle-et-de-lia-generative\/#primaryimage\"},\"image\":{\"@id\":\"https:\/\/kairntech.com\/fr\/blog\/actualites\/lafp-et-kairntech-renforcent-leur-partenariat-dans-le-domaine-de-lintelligence-artificielle-et-de-lia-generative\/#primaryimage\"},\"thumbnailUrl\":\"https:\/\/kairntech.com\/wp-content\/uploads\/2026\/03\/partnership.jpg\",\"datePublished\":\"2026-03-17T13:41:46+00:00\",\"dateModified\":\"2026-04-16T22:07:56+00:00\",\"description\":\"L'AFP et Kairntech renforcent leur partenariat pour acc\u00e9l\u00e9rer l'int\u00e9gration de l'IA g\u00e9n\u00e9rative et du NLP au c\u0153ur de l'actualit\u00e9 mondiale.\",\"breadcrumb\":{\"@id\":\"https:\/\/kairntech.com\/fr\/blog\/actualites\/lafp-et-kairntech-renforcent-leur-partenariat-dans-le-domaine-de-lintelligence-artificielle-et-de-lia-generative\/#breadcrumb\"},\"inLanguage\":\"fr-FR\",\"potentialAction\":[{\"@type\":\"ReadAction\",\"target\":[\"https:\/\/kairntech.com\/fr\/blog\/actualites\/lafp-et-kairntech-renforcent-leur-partenariat-dans-le-domaine-de-lintelligence-artificielle-et-de-lia-generative\/\"]}]},{\"@type\":\"ImageObject\",\"inLanguage\":\"fr-FR\",\"@id\":\"https:\/\/kairntech.com\/fr\/blog\/actualites\/lafp-et-kairntech-renforcent-leur-partenariat-dans-le-domaine-de-lintelligence-artificielle-et-de-lia-generative\/#primaryimage\",\"url\":\"https:\/\/kairntech.com\/wp-content\/uploads\/2026\/03\/partnership.jpg\",\"contentUrl\":\"https:\/\/kairntech.com\/wp-content\/uploads\/2026\/03\/partnership.jpg\",\"width\":690,\"height\":507,\"caption\":\"partenariat\"},{\"@type\":\"BreadcrumbList\",\"@id\":\"https:\/\/kairntech.com\/fr\/blog\/actualites\/lafp-et-kairntech-renforcent-leur-partenariat-dans-le-domaine-de-lintelligence-artificielle-et-de-lia-generative\/#breadcrumb\",\"itemListElement\":[{\"@type\":\"ListItem\",\"position\":1,\"name\":\"Home\",\"item\":\"https:\/\/kairntech.com\/fr\/solutions-ia-agentique-pour-entreprise\/\"},{\"@type\":\"ListItem\",\"position\":2,\"name\":\"L&rsquo;AFP et Kairntech renforcent leur partenariat dans le domaine de l&rsquo;intelligence artificielle et de l&rsquo;IA g\u00e9n\u00e9rative\"}]},{\"@type\":\"WebSite\",\"@id\":\"https:\/\/kairntech.com\/fr\/#website\",\"url\":\"https:\/\/kairntech.com\/fr\/\",\"name\":\"Kairntech\",\"description\":\"\",\"publisher\":{\"@id\":\"https:\/\/kairntech.com\/fr\/#organization\"},\"potentialAction\":[{\"@type\":\"SearchAction\",\"target\":{\"@type\":\"EntryPoint\",\"urlTemplate\":\"https:\/\/kairntech.com\/fr\/?s={search_term_string}\"},\"query-input\":{\"@type\":\"PropertyValueSpecification\",\"valueRequired\":true,\"valueName\":\"search_term_string\"}}],\"inLanguage\":\"fr-FR\"},{\"@type\":\"Organization\",\"@id\":\"https:\/\/kairntech.com\/fr\/#organization\",\"name\":\"Kairntech\",\"url\":\"https:\/\/kairntech.com\/fr\/\",\"logo\":{\"@type\":\"ImageObject\",\"inLanguage\":\"fr-FR\",\"@id\":\"https:\/\/kairntech.com\/fr\/#\/schema\/logo\/image\/\",\"url\":\"https:\/\/kairntech.com\/wp-content\/uploads\/2026\/04\/logo-kairntech-2.png\",\"contentUrl\":\"https:\/\/kairntech.com\/wp-content\/uploads\/2026\/04\/logo-kairntech-2.png\",\"width\":512,\"height\":512,\"caption\":\"Kairntech\"},\"image\":{\"@id\":\"https:\/\/kairntech.com\/fr\/#\/schema\/logo\/image\/\"},\"sameAs\":[\"https:\/\/x.com\/kairntech\",\"https:\/\/fr.linkedin.com\/company\/kairntech\",\"https:\/\/github.com\/kairntech\",\"https:\/\/www.youtube.com\/@kairntech181\"]},{\"@type\":\"Person\",\"@id\":\"https:\/\/kairntech.com\/fr\/#\/schema\/person\/69e64752cd14d2aa7c790ec220560927\",\"name\":\"cnibart\",\"image\":{\"@type\":\"ImageObject\",\"inLanguage\":\"fr-FR\",\"@id\":\"https:\/\/kairntech.com\/fr\/#\/schema\/person\/image\/\",\"url\":\"https:\/\/secure.gravatar.com\/avatar\/f8b4a8d3470e10758ea7388161c9099f55807dd634549f75797473088bbdc7b4?s=96&d=mm&r=g\",\"contentUrl\":\"https:\/\/secure.gravatar.com\/avatar\/f8b4a8d3470e10758ea7388161c9099f55807dd634549f75797473088bbdc7b4?s=96&d=mm&r=g\",\"caption\":\"cnibart\"}}]}<\/script>\n<!-- \/ Yoast SEO plugin. -->","yoast_head_json":{"title":"L'AFP et Kairntech renforcent leur partenariat dans le domaine de l'intelligence artificielle et de l'IA g\u00e9n\u00e9rative %.","description":"L'AFP et Kairntech renforcent leur partenariat pour acc\u00e9l\u00e9rer l'int\u00e9gration de l'IA g\u00e9n\u00e9rative et du NLP au c\u0153ur de l'actualit\u00e9 mondiale.","robots":{"index":"index","follow":"follow","max-snippet":"max-snippet:-1","max-image-preview":"max-image-preview:large","max-video-preview":"max-video-preview:-1"},"canonical":"https:\/\/kairntech.com\/fr\/blog\/actualites\/lafp-et-kairntech-renforcent-leur-partenariat-dans-le-domaine-de-lintelligence-artificielle-et-de-lia-generative\/","og_locale":"fr_FR","og_type":"article","og_title":"L'AFP et Kairntech renforcent leur partenariat dans le domaine de l'intelligence artificielle et de l'IA g\u00e9n\u00e9rative %.","og_description":"L'AFP et Kairntech renforcent leur partenariat pour acc\u00e9l\u00e9rer l'int\u00e9gration de l'IA g\u00e9n\u00e9rative et du NLP au c\u0153ur de l'actualit\u00e9 mondiale.","og_url":"https:\/\/kairntech.com\/fr\/blog\/actualites\/lafp-et-kairntech-renforcent-leur-partenariat-dans-le-domaine-de-lintelligence-artificielle-et-de-lia-generative\/","og_site_name":"Kairntech","article_published_time":"2026-03-17T13:41:46+00:00","article_modified_time":"2026-04-16T22:07:56+00:00","og_image":[{"width":690,"height":507,"url":"https:\/\/kairntech.com\/wp-content\/uploads\/2026\/03\/partnership.jpg","type":"image\/jpeg"}],"author":"cnibart","twitter_card":"summary_large_image","twitter_creator":"@kairntech","twitter_site":"@kairntech","twitter_misc":{"\u00c9crit par":"cnibart","Dur\u00e9e de lecture estim\u00e9e":"4 minutes"},"schema":{"@context":"https:\/\/schema.org","@graph":[{"@type":"Article","@id":"https:\/\/kairntech.com\/fr\/blog\/actualites\/lafp-et-kairntech-renforcent-leur-partenariat-dans-le-domaine-de-lintelligence-artificielle-et-de-lia-generative\/#article","isPartOf":{"@id":"https:\/\/kairntech.com\/fr\/blog\/actualites\/lafp-et-kairntech-renforcent-leur-partenariat-dans-le-domaine-de-lintelligence-artificielle-et-de-lia-generative\/"},"author":{"name":"cnibart","@id":"https:\/\/kairntech.com\/fr\/#\/schema\/person\/69e64752cd14d2aa7c790ec220560927"},"headline":"L&rsquo;AFP et Kairntech renforcent leur partenariat dans le domaine de l&rsquo;intelligence artificielle et de l&rsquo;IA g\u00e9n\u00e9rative","datePublished":"2026-03-17T13:41:46+00:00","dateModified":"2026-04-16T22:07:56+00:00","mainEntityOfPage":{"@id":"https:\/\/kairntech.com\/fr\/blog\/actualites\/lafp-et-kairntech-renforcent-leur-partenariat-dans-le-domaine-de-lintelligence-artificielle-et-de-lia-generative\/"},"wordCount":850,"publisher":{"@id":"https:\/\/kairntech.com\/fr\/#organization"},"image":{"@id":"https:\/\/kairntech.com\/fr\/blog\/actualites\/lafp-et-kairntech-renforcent-leur-partenariat-dans-le-domaine-de-lintelligence-artificielle-et-de-lia-generative\/#primaryimage"},"thumbnailUrl":"https:\/\/kairntech.com\/wp-content\/uploads\/2026\/03\/partnership.jpg","articleSection":["Actualit\u00e9s"],"inLanguage":"fr-FR"},{"@type":"WebPage","@id":"https:\/\/kairntech.com\/fr\/blog\/actualites\/lafp-et-kairntech-renforcent-leur-partenariat-dans-le-domaine-de-lintelligence-artificielle-et-de-lia-generative\/","url":"https:\/\/kairntech.com\/fr\/blog\/actualites\/lafp-et-kairntech-renforcent-leur-partenariat-dans-le-domaine-de-lintelligence-artificielle-et-de-lia-generative\/","name":"L'AFP et Kairntech renforcent leur partenariat dans le domaine de l'intelligence artificielle et de l'IA g\u00e9n\u00e9rative %.","isPartOf":{"@id":"https:\/\/kairntech.com\/fr\/#website"},"primaryImageOfPage":{"@id":"https:\/\/kairntech.com\/fr\/blog\/actualites\/lafp-et-kairntech-renforcent-leur-partenariat-dans-le-domaine-de-lintelligence-artificielle-et-de-lia-generative\/#primaryimage"},"image":{"@id":"https:\/\/kairntech.com\/fr\/blog\/actualites\/lafp-et-kairntech-renforcent-leur-partenariat-dans-le-domaine-de-lintelligence-artificielle-et-de-lia-generative\/#primaryimage"},"thumbnailUrl":"https:\/\/kairntech.com\/wp-content\/uploads\/2026\/03\/partnership.jpg","datePublished":"2026-03-17T13:41:46+00:00","dateModified":"2026-04-16T22:07:56+00:00","description":"L'AFP et Kairntech renforcent leur partenariat pour acc\u00e9l\u00e9rer l'int\u00e9gration de l'IA g\u00e9n\u00e9rative et du NLP au c\u0153ur de l'actualit\u00e9 mondiale.","breadcrumb":{"@id":"https:\/\/kairntech.com\/fr\/blog\/actualites\/lafp-et-kairntech-renforcent-leur-partenariat-dans-le-domaine-de-lintelligence-artificielle-et-de-lia-generative\/#breadcrumb"},"inLanguage":"fr-FR","potentialAction":[{"@type":"ReadAction","target":["https:\/\/kairntech.com\/fr\/blog\/actualites\/lafp-et-kairntech-renforcent-leur-partenariat-dans-le-domaine-de-lintelligence-artificielle-et-de-lia-generative\/"]}]},{"@type":"ImageObject","inLanguage":"fr-FR","@id":"https:\/\/kairntech.com\/fr\/blog\/actualites\/lafp-et-kairntech-renforcent-leur-partenariat-dans-le-domaine-de-lintelligence-artificielle-et-de-lia-generative\/#primaryimage","url":"https:\/\/kairntech.com\/wp-content\/uploads\/2026\/03\/partnership.jpg","contentUrl":"https:\/\/kairntech.com\/wp-content\/uploads\/2026\/03\/partnership.jpg","width":690,"height":507,"caption":"partenariat"},{"@type":"BreadcrumbList","@id":"https:\/\/kairntech.com\/fr\/blog\/actualites\/lafp-et-kairntech-renforcent-leur-partenariat-dans-le-domaine-de-lintelligence-artificielle-et-de-lia-generative\/#breadcrumb","itemListElement":[{"@type":"ListItem","position":1,"name":"Home","item":"https:\/\/kairntech.com\/fr\/solutions-ia-agentique-pour-entreprise\/"},{"@type":"ListItem","position":2,"name":"L&rsquo;AFP et Kairntech renforcent leur partenariat dans le domaine de l&rsquo;intelligence artificielle et de l&rsquo;IA g\u00e9n\u00e9rative"}]},{"@type":"WebSite","@id":"https:\/\/kairntech.com\/fr\/#website","url":"https:\/\/kairntech.com\/fr\/","name":"Kairntech","description":"","publisher":{"@id":"https:\/\/kairntech.com\/fr\/#organization"},"potentialAction":[{"@type":"SearchAction","target":{"@type":"EntryPoint","urlTemplate":"https:\/\/kairntech.com\/fr\/?s={search_term_string}"},"query-input":{"@type":"PropertyValueSpecification","valueRequired":true,"valueName":"search_term_string"}}],"inLanguage":"fr-FR"},{"@type":"Organization","@id":"https:\/\/kairntech.com\/fr\/#organization","name":"Kairntech","url":"https:\/\/kairntech.com\/fr\/","logo":{"@type":"ImageObject","inLanguage":"fr-FR","@id":"https:\/\/kairntech.com\/fr\/#\/schema\/logo\/image\/","url":"https:\/\/kairntech.com\/wp-content\/uploads\/2026\/04\/logo-kairntech-2.png","contentUrl":"https:\/\/kairntech.com\/wp-content\/uploads\/2026\/04\/logo-kairntech-2.png","width":512,"height":512,"caption":"Kairntech"},"image":{"@id":"https:\/\/kairntech.com\/fr\/#\/schema\/logo\/image\/"},"sameAs":["https:\/\/x.com\/kairntech","https:\/\/fr.linkedin.com\/company\/kairntech","https:\/\/github.com\/kairntech","https:\/\/www.youtube.com\/@kairntech181"]},{"@type":"Person","@id":"https:\/\/kairntech.com\/fr\/#\/schema\/person\/69e64752cd14d2aa7c790ec220560927","name":"cnibart","image":{"@type":"ImageObject","inLanguage":"fr-FR","@id":"https:\/\/kairntech.com\/fr\/#\/schema\/person\/image\/","url":"https:\/\/secure.gravatar.com\/avatar\/f8b4a8d3470e10758ea7388161c9099f55807dd634549f75797473088bbdc7b4?s=96&d=mm&r=g","contentUrl":"https:\/\/secure.gravatar.com\/avatar\/f8b4a8d3470e10758ea7388161c9099f55807dd634549f75797473088bbdc7b4?s=96&d=mm&r=g","caption":"cnibart"}}]}},"jetpack_publicize_connections":[],"taxonomy_info":{"category":[{"value":480,"label":"Actualit\u00e9s"}]},"featured_image_src_large":["https:\/\/kairntech.com\/wp-content\/uploads\/2026\/03\/partnership.jpg",690,507,false],"author_info":{"display_name":"cnibart","author_link":"https:\/\/kairntech.com\/fr\/blog\/author\/cnibart\/"},"comment_info":0,"category_info":[{"term_id":480,"name":"Actualit\u00e9s","slug":"actualites","term_group":0,"term_taxonomy_id":480,"taxonomy":"category","description":"Actualit\u00e9s et nouvelles Kairntech","parent":0,"count":1,"filter":"raw","cat_ID":480,"category_count":1,"category_description":"Actualit\u00e9s et nouvelles Kairntech","cat_name":"Actualit\u00e9s","category_nicename":"actualites","category_parent":0}],"tag_info":false,"jetpack_featured_media_url":"https:\/\/kairntech.com\/wp-content\/uploads\/2026\/03\/partnership.jpg","jetpack-related-posts":[{"id":18961,"url":"https:\/\/kairntech.com\/fr\/blog\/articles-fr\/loutil-dannotation-de-texte-de-kairntech-ouvrir-lavenir-de-la-formation-a-lia\/","url_meta":{"origin":19940,"position":0},"title":"L&rsquo;outil d&rsquo;annotation de texte de Kairntech : ouvrir l&rsquo;avenir de la formation \u00e0 l&rsquo;IA","author":"clement","date":"13 mars 2025","format":false,"excerpt":"Dans le monde en pleine \u00e9volution de l'intelligence artificielle, Kairntech fait figure de pionnier en mati\u00e8re d'annotation de texte, offrant une approche transformatrice de la formation \u00e0 l'IA. Gr\u00e2ce \u00e0 des ensembles de donn\u00e9es \u00e9tiquet\u00e9es de haute qualit\u00e9, Kairntech permet aux entreprises d'affiner leurs mod\u00e8les d'apprentissage automatique avec pr\u00e9cision et\u2026","rel":"","context":"Dans &quot;Articles&quot;","block_context":{"text":"Articles","link":"https:\/\/kairntech.com\/fr\/blog\/category\/articles-fr\/"},"img":{"alt_text":"outil-annotation-texte","src":"https:\/\/i0.wp.com\/kairntech.com\/wp-content\/uploads\/2025\/03\/outil-annotation-texte.jpg?resize=350%2C200&ssl=1","width":350,"height":200,"srcset":"https:\/\/i0.wp.com\/kairntech.com\/wp-content\/uploads\/2025\/03\/outil-annotation-texte.jpg?resize=350%2C200&ssl=1 1x, https:\/\/i0.wp.com\/kairntech.com\/wp-content\/uploads\/2025\/03\/outil-annotation-texte.jpg?resize=525%2C300&ssl=1 1.5x"},"classes":[]},{"id":18734,"url":"https:\/\/kairntech.com\/fr\/blog\/articles-fr\/lintelligence-artificielle-au-service-des-fusions-et-acquisitions-ma\/","url_meta":{"origin":19940,"position":1},"title":"L&rsquo;intelligence artificielle au service des fusions et acquisitions (M&amp;A)","author":"vincent.nibart","date":"21 avril 2022","format":false,"excerpt":"Introduction L'\u00e9mergence des start-ups dans les \u00e9conomies mondiales et l'arriv\u00e9e massive de fonds d'investissement ont boulevers\u00e9 le monde des affaires depuis les ann\u00e9es 2000, posant de mani\u00e8re aigu\u00eb le d\u00e9fi de l'information. Dans ce monde prolifique et mouvant, le r\u00e9seau personnel et les bases de donn\u00e9es manuelles ne suffisent plus\u2026","rel":"","context":"Dans &quot;Articles&quot;","block_context":{"text":"Articles","link":"https:\/\/kairntech.com\/fr\/blog\/category\/articles-fr\/"},"img":{"alt_text":"","src":"https:\/\/i0.wp.com\/kairntech.com\/wp-content\/uploads\/2022\/04\/mergers-and-acquisitions-1.jpg?resize=350%2C200&ssl=1","width":350,"height":200,"srcset":"https:\/\/i0.wp.com\/kairntech.com\/wp-content\/uploads\/2022\/04\/mergers-and-acquisitions-1.jpg?resize=350%2C200&ssl=1 1x, https:\/\/i0.wp.com\/kairntech.com\/wp-content\/uploads\/2022\/04\/mergers-and-acquisitions-1.jpg?resize=525%2C300&ssl=1 1.5x"},"classes":[]},{"id":18766,"url":"https:\/\/kairntech.com\/fr\/blog\/articles-fr\/plateformes-dintelligence-decisionnelle-quest-ce-que-cest-et-pourquoi-cest-important\/","url_meta":{"origin":19940,"position":2},"title":"Plateformes d&rsquo;intelligence d\u00e9cisionnelle : Qu&rsquo;est-ce que c&rsquo;est et pourquoi c&rsquo;est important ?","author":"cnibart","date":"6 juin 2025","format":false,"excerpt":"\u00c0 une \u00e9poque o\u00f9 les donn\u00e9es sont abondantes mais o\u00f9 le temps et la clart\u00e9 sont limit\u00e9s, les organisations sont confront\u00e9es \u00e0 un d\u00e9fi croissant : comment transformer des donn\u00e9es complexes en r\u00e9sultats significatifs. Les plateformes d'intelligence d\u00e9cisionnelle offrent une solution puissante en combinant des ressources humaines et techniques, des\u2026","rel":"","context":"Dans &quot;Articles&quot;","block_context":{"text":"Articles","link":"https:\/\/kairntech.com\/fr\/blog\/category\/articles-fr\/"},"img":{"alt_text":"plateformes-intelligence-d\u00e9cisionnelle","src":"https:\/\/i0.wp.com\/kairntech.com\/wp-content\/uploads\/2025\/06\/plateformes-intelligence-decisionnelle.jpg?resize=350%2C200&ssl=1","width":350,"height":200,"srcset":"https:\/\/i0.wp.com\/kairntech.com\/wp-content\/uploads\/2025\/06\/plateformes-intelligence-decisionnelle.jpg?resize=350%2C200&ssl=1 1x, https:\/\/i0.wp.com\/kairntech.com\/wp-content\/uploads\/2025\/06\/plateformes-intelligence-decisionnelle.jpg?resize=525%2C300&ssl=1 1.5x"},"classes":[]},{"id":18755,"url":"https:\/\/kairntech.com\/fr\/blog\/articles-fr\/le-guide-ultime-de-letiquetage-des-donnees-definition-methodes-defis-et-applications\/","url_meta":{"origin":19940,"position":3},"title":"Etiquetage des donn\u00e9es : guide des m\u00e9thodes, des d\u00e9fis et des applications","author":"clement","date":"24 mars 2025","format":false,"excerpt":"Dans le monde en pleine \u00e9volution de l'intelligence artificielle (IA) et de l'apprentissage automatique (ML), l'\u00e9tiquetage des donn\u00e9es s'est impos\u00e9 comme un processus fondamental pour le d\u00e9veloppement de syst\u00e8mes intelligents. Qu'il s'agisse de permettre aux voitures autonomes de reconna\u00eetre les pi\u00e9tons ou d'aider les assistants virtuels \u00e0 comprendre la parole\u2026","rel":"","context":"Dans &quot;Articles&quot;","block_context":{"text":"Articles","link":"https:\/\/kairntech.com\/fr\/blog\/category\/articles-fr\/"},"img":{"alt_text":"etiquetage-donnees","src":"https:\/\/i0.wp.com\/kairntech.com\/wp-content\/uploads\/2025\/03\/etiquetage-donnees.jpg?resize=350%2C200&ssl=1","width":350,"height":200,"srcset":"https:\/\/i0.wp.com\/kairntech.com\/wp-content\/uploads\/2025\/03\/etiquetage-donnees.jpg?resize=350%2C200&ssl=1 1x, https:\/\/i0.wp.com\/kairntech.com\/wp-content\/uploads\/2025\/03\/etiquetage-donnees.jpg?resize=525%2C300&ssl=1 1.5x"},"classes":[]},{"id":19856,"url":"https:\/\/kairntech.com\/fr\/blog\/articles-fr\/decision-intelligence-definition-cas-dusage-et-automatisation-des-decisions\/","url_meta":{"origin":19940,"position":4},"title":"Decision Intelligence : d\u00e9finition, cas d\u2019usage et automatisation des d\u00e9cisions","author":"cnibart","date":"6 mars 2026","format":false,"excerpt":"L\u2019explosion des volumes de donn\u00e9e, la complexit\u00e9 croissante des environnements business et l\u2019acc\u00e9l\u00e9ration des cycles de d\u00e9cision rendent les approches analytiques traditionnelles insuffisantes. Aujourd\u2019hui, comprendre ne suffit plus : les organisations doivent \u00eatre capables d\u2019agir rapidement, de mani\u00e8re fiable et coh\u00e9rente.La decision intelligence r\u00e9pond \u00e0 ce besoin en structurant la\u2026","rel":"","context":"Dans &quot;Articles&quot;","block_context":{"text":"Articles","link":"https:\/\/kairntech.com\/fr\/blog\/category\/articles-fr\/"},"img":{"alt_text":"decision-intelligence","src":"https:\/\/i0.wp.com\/kairntech.com\/wp-content\/uploads\/2026\/03\/decision-intelligence-2.jpg?resize=350%2C200&ssl=1","width":350,"height":200,"srcset":"https:\/\/i0.wp.com\/kairntech.com\/wp-content\/uploads\/2026\/03\/decision-intelligence-2.jpg?resize=350%2C200&ssl=1 1x, https:\/\/i0.wp.com\/kairntech.com\/wp-content\/uploads\/2026\/03\/decision-intelligence-2.jpg?resize=525%2C300&ssl=1 1.5x"},"classes":[]},{"id":18725,"url":"https:\/\/kairntech.com\/fr\/blog\/articles-fr\/lia-au-service-de-laudit-interne-un-debut-prometteur\/","url_meta":{"origin":19940,"position":5},"title":"L&rsquo;IA au service de l&rsquo;audit interne : un d\u00e9but prometteur","author":"geertmeulenbelt","date":"5 ao\u00fbt 2024","format":false,"excerpt":"Les publications sur l'IA pour les pratiques d'audit interne sont peu nombreuses et m\u00e9ritent donc d'\u00eatre mentionn\u00e9es. Dans Rep\u00e8res 2024 (Editions La D\u00e9couverte), un doctorant et un professeur associ\u00e9 de l'Universit\u00e9 Paris-Dauphine, un associ\u00e9 de Grant Thornton France, Hayk Hovhannisyan, B\u00e9atrice Bon Michelet, Nicolas Gasnier-Duparc, ont r\u00e9dig\u00e9 un rapport sur\u2026","rel":"","context":"Dans &quot;Articles&quot;","block_context":{"text":"Articles","link":"https:\/\/kairntech.com\/fr\/blog\/category\/articles-fr\/"},"img":{"alt_text":"ai-pour-l'audit-interne","src":"https:\/\/i0.wp.com\/kairntech.com\/wp-content\/uploads\/2024\/08\/ai-for-internal-audit.jpg?resize=350%2C200&ssl=1","width":350,"height":200,"srcset":"https:\/\/i0.wp.com\/kairntech.com\/wp-content\/uploads\/2024\/08\/ai-for-internal-audit.jpg?resize=350%2C200&ssl=1 1x, https:\/\/i0.wp.com\/kairntech.com\/wp-content\/uploads\/2024\/08\/ai-for-internal-audit.jpg?resize=525%2C300&ssl=1 1.5x"},"classes":[]}],"jetpack_sharing_enabled":true,"_links":{"self":[{"href":"https:\/\/kairntech.com\/fr\/wp-json\/wp\/v2\/posts\/19940","targetHints":{"allow":["GET"]}}],"collection":[{"href":"https:\/\/kairntech.com\/fr\/wp-json\/wp\/v2\/posts"}],"about":[{"href":"https:\/\/kairntech.com\/fr\/wp-json\/wp\/v2\/types\/post"}],"author":[{"embeddable":true,"href":"https:\/\/kairntech.com\/fr\/wp-json\/wp\/v2\/users\/12"}],"replies":[{"embeddable":true,"href":"https:\/\/kairntech.com\/fr\/wp-json\/wp\/v2\/comments?post=19940"}],"version-history":[{"count":4,"href":"https:\/\/kairntech.com\/fr\/wp-json\/wp\/v2\/posts\/19940\/revisions"}],"predecessor-version":[{"id":20614,"href":"https:\/\/kairntech.com\/fr\/wp-json\/wp\/v2\/posts\/19940\/revisions\/20614"}],"wp:featuredmedia":[{"embeddable":true,"href":"https:\/\/kairntech.com\/fr\/wp-json\/wp\/v2\/media\/19941"}],"wp:attachment":[{"href":"https:\/\/kairntech.com\/fr\/wp-json\/wp\/v2\/media?parent=19940"}],"wp:term":[{"taxonomy":"category","embeddable":true,"href":"https:\/\/kairntech.com\/fr\/wp-json\/wp\/v2\/categories?post=19940"},{"taxonomy":"post_tag","embeddable":true,"href":"https:\/\/kairntech.com\/fr\/wp-json\/wp\/v2\/tags?post=19940"}],"curies":[{"name":"wp","href":"https:\/\/api.w.org\/{rel}","templated":true}]}}